{"id":6493,"date":"2023-12-09T13:54:56","date_gmt":"2023-12-09T16:54:56","guid":{"rendered":"https:\/\/www.roldan.gov.ar\/wp\/?p=6493"},"modified":"2023-12-09T13:54:56","modified_gmt":"2023-12-09T16:54:56","slug":"recomendaciones-ante-la-aparicion-de-casos-de-encefalomielitis-equina-en-la-region","status":"publish","type":"post","link":"https:\/\/www.roldan.gov.ar\/wp\/2023\/12\/09\/recomendaciones-ante-la-aparicion-de-casos-de-encefalomielitis-equina-en-la-region\/","title":{"rendered":"RECOMENDACIONES ANTE LA APARICI\u00d3N DE CASOS DE ENCEFALOMIELITIS EQUINA EN LA REGI\u00d3N"},"content":{"rendered":"\n<p>La Municipalidad de Rold\u00e1n informa los cuidados a tener en cuenta ante la aparici\u00f3n de casos de Encefalomielitis Equina en la regi\u00f3n, aunque no se hayan detectado en la ciudad.<\/p>\n\n\n\n<p>Existen varios vectores que transmiten el virus, entre otros mosquitos y aves, por lo que el foco de control est\u00e1 puesto en los caballos y su circulaci\u00f3n, para no ponerse en contacto con otros caballos.<\/p>\n\n\n\n<p>Las recomendaciones son de acuerdo a lo informado por el Ministerio de Salud de la Naci\u00f3n y la disposici\u00f3n de SENASA 363\/23. Se solicita el mayor compromiso con su cumplimiento por parte de propietarios:<\/p>\n\n\n\n<p>\u2022 Se proh\u00edbe la movilizaci\u00f3n de caballos entre provincias y se solicita reducir al m\u00e1ximo el traslado dentro de la misma.<\/p>\n\n\n\n<p>\u2022 Para eventos que exijan concentraci\u00f3n de caballos se exigir\u00e1 tener la vacuna de la enfermedad vigente, aplicada al menos 15 d\u00edas antes del traslado.<\/p>\n\n\n\n<p>\u2022 Se sugiere a los propietarios la aplicaci\u00f3n de las vacunas y la utilizaci\u00f3n de repelentes, as\u00ed como el mantenimiento preventivo de los predios para evitar la propagaci\u00f3n de mosquitos.<\/p>\n\n\n\n<p>La Municipalidad de Rold\u00e1n se encuentra realizando fumigaci\u00f3n de forma preventiva en los m\u00e1rgenes de la ciudad.<\/p>\n\n\n\n<p>Adem\u00e1s, se insta a los vecinos a tomar los recaudos necesarios en cuanto a descacharreo de sus hogares, no verter aguas residuales o de piletas en zanjas, y mantener los predios libres de pastos y acumulaci\u00f3n de agua.<\/p>\n","protected":false},"excerpt":{"rendered":"<p>La Municipalidad de Rold\u00e1n informa los cuidados a tener en cuenta ante la aparici\u00f3n de casos de Encefalomielitis Equina en la regi\u00f3n, aunque no se hayan detectado en la ciudad. Existen varios vectores que transmiten el virus, entre otros mosquitos y aves, por lo que el foco de control est\u00e1 puesto en los caballos y [&hellip;]<\/p>\n","protected":false},"author":5,"featured_media":6495,"comment_status":"closed","ping_status":"","sticky":false,"template":"","format":"standard","meta":[],"categories":[204,211],"tags":[],"acf":[],"_links":{"self":[{"href":"https:\/\/www.roldan.gov.ar\/wp\/wp-json\/wp\/v2\/posts\/6493"}],"collection":[{"href":"https:\/\/www.roldan.gov.ar\/wp\/wp-json\/wp\/v2\/posts"}],"about":[{"href":"https:\/\/www.roldan.gov.ar\/wp\/wp-json\/wp\/v2\/types\/post"}],"author":[{"embeddable":true,"href":"https:\/\/www.roldan.gov.ar\/wp\/wp-json\/wp\/v2\/users\/5"}],"replies":[{"embeddable":true,"href":"https:\/\/www.roldan.gov.ar\/wp\/wp-json\/wp\/v2\/comments?post=6493"}],"version-history":[{"count":1,"href":"https:\/\/www.roldan.gov.ar\/wp\/wp-json\/wp\/v2\/posts\/6493\/revisions"}],"predecessor-version":[{"id":6496,"href":"https:\/\/www.roldan.gov.ar\/wp\/wp-json\/wp\/v2\/posts\/6493\/revisions\/6496"}],"wp:featuredmedia":[{"embeddable":true,"href":"https:\/\/www.roldan.gov.ar\/wp\/wp-json\/wp\/v2\/media\/6495"}],"wp:attachment":[{"href":"https:\/\/www.roldan.gov.ar\/wp\/wp-json\/wp\/v2\/media?parent=6493"}],"wp:term":[{"taxonomy":"category","embeddable":true,"href":"https:\/\/www.roldan.gov.ar\/wp\/wp-json\/wp\/v2\/categories?post=6493"},{"taxonomy":"post_tag","embeddable":true,"href":"https:\/\/www.roldan.gov.ar\/wp\/wp-json\/wp\/v2\/tags?post=6493"}],"curies":[{"name":"wp","href":"https:\/\/api.w.org\/{rel}","templated":true}]}}