{"id":5627,"date":"2023-07-01T09:26:29","date_gmt":"2023-07-01T12:26:29","guid":{"rendered":"https:\/\/www.roldan.gov.ar\/wp\/?p=5627"},"modified":"2023-07-02T21:24:53","modified_gmt":"2023-07-03T00:24:53","slug":"escalante-inauguro-el-nuevo-centro-de-monitoreo-y-central-de-comunicaciones","status":"publish","type":"post","link":"https:\/\/www.roldan.gov.ar\/wp\/2023\/07\/01\/escalante-inauguro-el-nuevo-centro-de-monitoreo-y-central-de-comunicaciones\/","title":{"rendered":"ESCALANTE INAUGUR\u00d3 EL NUEVO CENTRO DE MONITOREO Y CENTRAL DE COMUNICACIONES"},"content":{"rendered":"\n<p class=\"has-text-align-center\"><em><strong>\u201cCon m\u00e1s y mejor tecnolog\u00eda avanzamos hacia una ciudad m\u00e1s segura\u201d, asegur\u00f3 el intendente. Desde el lugar se operar\u00e1n m\u00e1s de 300 c\u00e1maras de seguridad.<\/strong><\/em><\/p>\n\n\n\n<p>El intendente Daniel Escalante inaugur\u00f3 este viernes el nuevo Centro de Monitoreo, Central de Comunicaciones, y oficinas de la Subsecretar\u00eda de Seguridad y Control de Rold\u00e1n, un proyecto iniciado en 2022, desde donde se operar\u00e1n m\u00e1s de 300 c\u00e1maras de seguridad (con un servidor para 512 dispositivos), y se geolocalizar\u00e1n los m\u00f3viles de la Guardia Urbana.<\/p>\n\n\n\n<p>Escalante explic\u00f3 que \u201cunificar todas las \u00e1reas en un mismo edificio redundar\u00e1 en un mejor control y servicio al vecino, y mayor velocidad de respuesta\u201d.<\/p>\n\n\n\n<p>El lugar cuenta con dos oficinas de la Subsecretar\u00eda, sala de situaci\u00f3n, cocina, dos ba\u00f1os (uno con acceso para personas con discapacidad), una sala de monitoreo y una central de comunicaciones. <\/p>\n\n\n\n<p>\u201cSe podr\u00e1n monitorean las c\u00e1maras y los m\u00f3viles de la Guardia Urbana a trav\u00e9s de un sistema de geo posicionamiento global, lo que permite observar su desplazamiento en las zonas asignadas, la velocidad, recorrido, y hasta la direcci\u00f3n en que estacionaron\u201d, detall\u00f3 la titular del \u00e1rea, Marisabel Mendoza.<\/p>\n\n\n\n<p>Al nuevo lugar llegar\u00e1n todas las llamadas a trav\u00e9s de la Central de Comunicaciones, desde donde se despachar\u00e1n las incidencias al m\u00f3vil m\u00e1s cercano, todo por frecuencia radial, logrando de esa manera mayor velocidad de respuesta.<\/p>\n\n\n\n<p>\u201cEl Centro de Comunicaciones cuenta con personal municipal que fue capacitado, el cual recibe el llamado, deja asentada la incidencia, comisiona al m\u00f3vil m\u00e1s cercano y cierra la misma cuando se informa el resultado\u201d, explic\u00f3 Mendoza.<\/p>\n\n\n\n<p>Tambi\u00e9n se trabaja en forma coordinada con los centros de monitoreo de Funes, San Ger\u00f3nimo, y Carcara\u00f1\u00e1, y en colaboraci\u00f3n con Correa y Casilda. Adem\u00e1s, la Central podr\u00e1 aportar filmaciones y fotogramas a fiscal\u00edas y fuerzas de seguridad las 24 horas, los 365 d\u00edas del a\u00f1o.<\/p>\n\n\n\n<p>\u201cNuestro objetivo es tener un edificio accesible y funcional\u201d, indic\u00f3 Mendoza y record\u00f3 que en los \u00faltimos meses se sumaron nuevas \u201cpantallas, computadoras, monitores y mobiliario\u201d.<\/p>\n\n\n\n<figure class=\"wp-block-video\"><video controls src=\"https:\/\/www.roldan.gov.ar\/wp\/wp-content\/uploads\/2023\/07\/WhatsApp-Video-2023-07-02-at-20.58.06.mp4\"><\/video><\/figure>\n","protected":false},"excerpt":{"rendered":"<p>\u201cCon m\u00e1s y mejor tecnolog\u00eda avanzamos hacia una ciudad m\u00e1s segura\u201d, asegur\u00f3 el intendente. Desde el lugar se operar\u00e1n m\u00e1s de 300 c\u00e1maras de seguridad. El intendente Daniel Escalante inaugur\u00f3 este viernes el nuevo Centro de Monitoreo, Central de Comunicaciones, y oficinas de la Subsecretar\u00eda de Seguridad y Control de Rold\u00e1n, un proyecto iniciado en [&hellip;]<\/p>\n","protected":false},"author":5,"featured_media":5628,"comment_status":"closed","ping_status":"","sticky":false,"template":"","format":"standard","meta":[],"categories":[206,223,224],"tags":[],"acf":[],"_links":{"self":[{"href":"https:\/\/www.roldan.gov.ar\/wp\/wp-json\/wp\/v2\/posts\/5627"}],"collection":[{"href":"https:\/\/www.roldan.gov.ar\/wp\/wp-json\/wp\/v2\/posts"}],"about":[{"href":"https:\/\/www.roldan.gov.ar\/wp\/wp-json\/wp\/v2\/types\/post"}],"author":[{"embeddable":true,"href":"https:\/\/www.roldan.gov.ar\/wp\/wp-json\/wp\/v2\/users\/5"}],"replies":[{"embeddable":true,"href":"https:\/\/www.roldan.gov.ar\/wp\/wp-json\/wp\/v2\/comments?post=5627"}],"version-history":[{"count":3,"href":"https:\/\/www.roldan.gov.ar\/wp\/wp-json\/wp\/v2\/posts\/5627\/revisions"}],"predecessor-version":[{"id":5632,"href":"https:\/\/www.roldan.gov.ar\/wp\/wp-json\/wp\/v2\/posts\/5627\/revisions\/5632"}],"wp:featuredmedia":[{"embeddable":true,"href":"https:\/\/www.roldan.gov.ar\/wp\/wp-json\/wp\/v2\/media\/5628"}],"wp:attachment":[{"href":"https:\/\/www.roldan.gov.ar\/wp\/wp-json\/wp\/v2\/media?parent=5627"}],"wp:term":[{"taxonomy":"category","embeddable":true,"href":"https:\/\/www.roldan.gov.ar\/wp\/wp-json\/wp\/v2\/categories?post=5627"},{"taxonomy":"post_tag","embeddable":true,"href":"https:\/\/www.roldan.gov.ar\/wp\/wp-json\/wp\/v2\/tags?post=5627"}],"curies":[{"name":"wp","href":"https:\/\/api.w.org\/{rel}","templated":true}]}}