{"id":5416,"date":"2023-06-02T10:33:15","date_gmt":"2023-06-02T13:33:15","guid":{"rendered":"https:\/\/www.roldan.gov.ar\/wp\/?p=5416"},"modified":"2023-06-02T10:33:15","modified_gmt":"2023-06-02T13:33:15","slug":"roldan-participo-del-primer-encuentro-de-vinculacion-tecnologica-para-comunas-y-municipios","status":"publish","type":"post","link":"https:\/\/www.roldan.gov.ar\/wp\/2023\/06\/02\/roldan-participo-del-primer-encuentro-de-vinculacion-tecnologica-para-comunas-y-municipios\/","title":{"rendered":"ROLD\u00c1N PARTICIP\u00d3 DEL PRIMER ENCUENTRO DE VINCULACI\u00d3N TECNOL\u00d3GICA PARA COMUNAS Y MUNICIPIOS"},"content":{"rendered":"\n<p>La ciudad de Rold\u00e1n particip\u00f3 del encuentro organizado por el CONICET, la Facultad de Ciencias Exactas Ingenier\u00eda y Agrimensura (FCEIA) y el ECOM.<\/p>\n\n\n\n<p>Durante la jornada, se presentaron capacidades y servicios del CONICET Rosario y la FCEIA \u2013 UNR. Adem\u00e1s, se dieron a conocer l\u00edneas de financiamiento disponibles y se inform\u00f3 sobre los avances en el funcionamiento del ECOM.<\/p>\n\n\n\n<p>Tras los intercambios con los equipos de investigaci\u00f3n, el intendente Daniel Escalante se\u00f1al\u00f3: \u201cVinimos en busca de herramientas, para poder transformar la ciudad con asesoramientos serios y prestigiosos de la regi\u00f3n\u201d.<\/p>\n\n\n\n<p>\u201cLa ciudad hoy est\u00e1 afrontando diversas problem\u00e1ticas resultantes de la falta de planificaci\u00f3n estrat\u00e9gica\u201d, explic\u00f3 Escalante. \u201cEl alto costo en la prestaci\u00f3n de servicios, la dificultad de ejercer control urbano, la complejidad de la movilidad, la falta de cobertura de servicios y la no contemplaci\u00f3n de obras de saneamiento y contenci\u00f3n h\u00eddrica son algunos de los temas a resolver\u201d.<\/p>\n\n\n\n<p>Por su parte, la subsecretaria de Medioambiente, Brenda Zaldivar manifest\u00f3: \u201cYa venimos trabajando con estos organismos. Con el Instituto del Transporte estamos estudiando la eficiencia en el sistema de recolecci\u00f3n de residuos, y con el Centro de Ingenier\u00eda Sanitaria, la gesti\u00f3n sustentable de la franja org\u00e1nica de los residuos domiciliarios. El objetivo es cuidar y preservar al medioambiente, con acciones concretas, que permitan ahorros energ\u00e9ticos y reduzcan emisiones\u201d.<\/p>\n","protected":false},"excerpt":{"rendered":"<p>La ciudad de Rold\u00e1n particip\u00f3 del encuentro organizado por el CONICET, la Facultad de Ciencias Exactas Ingenier\u00eda y Agrimensura (FCEIA) y el ECOM. Durante la jornada, se presentaron capacidades y servicios del CONICET Rosario y la FCEIA \u2013 UNR. Adem\u00e1s, se dieron a conocer l\u00edneas de financiamiento disponibles y se inform\u00f3 sobre los avances en [&hellip;]<\/p>\n","protected":false},"author":5,"featured_media":5417,"comment_status":"closed","ping_status":"","sticky":false,"template":"","format":"standard","meta":[],"categories":[223,181],"tags":[],"acf":[],"_links":{"self":[{"href":"https:\/\/www.roldan.gov.ar\/wp\/wp-json\/wp\/v2\/posts\/5416"}],"collection":[{"href":"https:\/\/www.roldan.gov.ar\/wp\/wp-json\/wp\/v2\/posts"}],"about":[{"href":"https:\/\/www.roldan.gov.ar\/wp\/wp-json\/wp\/v2\/types\/post"}],"author":[{"embeddable":true,"href":"https:\/\/www.roldan.gov.ar\/wp\/wp-json\/wp\/v2\/users\/5"}],"replies":[{"embeddable":true,"href":"https:\/\/www.roldan.gov.ar\/wp\/wp-json\/wp\/v2\/comments?post=5416"}],"version-history":[{"count":1,"href":"https:\/\/www.roldan.gov.ar\/wp\/wp-json\/wp\/v2\/posts\/5416\/revisions"}],"predecessor-version":[{"id":5418,"href":"https:\/\/www.roldan.gov.ar\/wp\/wp-json\/wp\/v2\/posts\/5416\/revisions\/5418"}],"wp:featuredmedia":[{"embeddable":true,"href":"https:\/\/www.roldan.gov.ar\/wp\/wp-json\/wp\/v2\/media\/5417"}],"wp:attachment":[{"href":"https:\/\/www.roldan.gov.ar\/wp\/wp-json\/wp\/v2\/media?parent=5416"}],"wp:term":[{"taxonomy":"category","embeddable":true,"href":"https:\/\/www.roldan.gov.ar\/wp\/wp-json\/wp\/v2\/categories?post=5416"},{"taxonomy":"post_tag","embeddable":true,"href":"https:\/\/www.roldan.gov.ar\/wp\/wp-json\/wp\/v2\/tags?post=5416"}],"curies":[{"name":"wp","href":"https:\/\/api.w.org\/{rel}","templated":true}]}}