{"id":3904,"date":"2022-11-14T21:09:08","date_gmt":"2022-11-15T00:09:08","guid":{"rendered":"https:\/\/www.roldan.gov.ar\/wp\/?p=3904"},"modified":"2022-11-14T21:09:08","modified_gmt":"2022-11-15T00:09:08","slug":"roldan-realizara-una-amplia-campana-de-prevencion-del-dengue","status":"publish","type":"post","link":"https:\/\/www.roldan.gov.ar\/wp\/2022\/11\/14\/roldan-realizara-una-amplia-campana-de-prevencion-del-dengue\/","title":{"rendered":"ROLD\u00c1N REALIZAR\u00c1 UNA AMPLIA CAMPA\u00d1A DE PREVENCI\u00d3N DEL DENGUE"},"content":{"rendered":"\n<p class=\"has-text-align-center\"><strong><em>Hoy se inicia la campa\u00f1a que incluir\u00e1 entrega de folleter\u00eda, reuniones con vecinales y promotores ambientales, y fumigaci\u00f3n.<\/em><\/strong><\/p>\n\n\n\n<p>La Municipalidad realizar\u00e1 una acci\u00f3n global para la prevenci\u00f3n del dengue, que incluir\u00e1 entrega de folleter\u00eda, reuniones con vecinales y promotores ambientales, y fumigaci\u00f3n.<\/p>\n\n\n\n<p>Para definir y coordinar las acciones, se realiz\u00f3 una reuni\u00f3n entre autoridades de las \u00e1reas de Gobierno, Salud y Medioambiente, que incluy\u00f3 consultas a especialistas que asesoran a otras localidades.<\/p>\n\n\n\n<p>En este sentido, se evalu\u00f3 el comportamiento de los mosquitos en estos \u00faltimos d\u00edas y se defini\u00f3 una campa\u00f1a de m\u00faltiples abordajes. Cabe destacar que el control m\u00e1s efectivo de estos insectos, depende de las acciones individuales de despeje y descacharreo en espacios al aire libre.<\/p>\n\n\n\n<p>Por otra parte, se aclar\u00f3 que las fumigaciones, que se estiman realizar entre el 14 y 24 de noviembre, act\u00faan sobre el 20 y 30 por ciento de los mosquitos adultos en vuelo. Las mismas se har\u00e1 en forma espec\u00edfica y eventual para evitar afectar a otros artr\u00f3podos que no son el objetivo de la fumigaci\u00f3n.<\/p>\n\n\n\n<p>Si bien las aplicaciones se har\u00e1n con productos aprobados por la Organizaci\u00f3n Mundial de la Salud (OMS), y que son de \u201cmuy baja toxicidad\u201d, igualmente se recomienda a la poblaci\u00f3n no estar presentes en los espacios p\u00fablicos en el momento de las fumigaciones.<\/p>\n\n\n\n<p><\/p>\n\n\n\n<figure class=\"wp-block-image size-large\"><img decoding=\"async\" loading=\"lazy\" width=\"1024\" height=\"1024\" src=\"https:\/\/www.roldan.gov.ar\/wp\/wp-content\/uploads\/2022\/11\/WhatsApp-Image-2022-11-14-at-16.38.26-1024x1024.jpeg\" alt=\"\" class=\"wp-image-3906\" srcset=\"https:\/\/www.roldan.gov.ar\/wp\/wp-content\/uploads\/2022\/11\/WhatsApp-Image-2022-11-14-at-16.38.26-1024x1024.jpeg 1024w, https:\/\/www.roldan.gov.ar\/wp\/wp-content\/uploads\/2022\/11\/WhatsApp-Image-2022-11-14-at-16.38.26-300x300.jpeg 300w, https:\/\/www.roldan.gov.ar\/wp\/wp-content\/uploads\/2022\/11\/WhatsApp-Image-2022-11-14-at-16.38.26-150x150.jpeg 150w, https:\/\/www.roldan.gov.ar\/wp\/wp-content\/uploads\/2022\/11\/WhatsApp-Image-2022-11-14-at-16.38.26-768x768.jpeg 768w, https:\/\/www.roldan.gov.ar\/wp\/wp-content\/uploads\/2022\/11\/WhatsApp-Image-2022-11-14-at-16.38.26.jpeg 1242w\" sizes=\"(max-width: 1024px) 100vw, 1024px\" \/><\/figure>\n","protected":false},"excerpt":{"rendered":"<p>Hoy se inicia la campa\u00f1a que incluir\u00e1 entrega de folleter\u00eda, reuniones con vecinales y promotores ambientales, y fumigaci\u00f3n. La Municipalidad realizar\u00e1 una acci\u00f3n global para la prevenci\u00f3n del dengue, que incluir\u00e1 entrega de folleter\u00eda, reuniones con vecinales y promotores ambientales, y fumigaci\u00f3n. Para definir y coordinar las acciones, se realiz\u00f3 una reuni\u00f3n entre autoridades de [&hellip;]<\/p>\n","protected":false},"author":5,"featured_media":3905,"comment_status":"closed","ping_status":"","sticky":false,"template":"","format":"standard","meta":[],"categories":[204],"tags":[],"acf":[],"_links":{"self":[{"href":"https:\/\/www.roldan.gov.ar\/wp\/wp-json\/wp\/v2\/posts\/3904"}],"collection":[{"href":"https:\/\/www.roldan.gov.ar\/wp\/wp-json\/wp\/v2\/posts"}],"about":[{"href":"https:\/\/www.roldan.gov.ar\/wp\/wp-json\/wp\/v2\/types\/post"}],"author":[{"embeddable":true,"href":"https:\/\/www.roldan.gov.ar\/wp\/wp-json\/wp\/v2\/users\/5"}],"replies":[{"embeddable":true,"href":"https:\/\/www.roldan.gov.ar\/wp\/wp-json\/wp\/v2\/comments?post=3904"}],"version-history":[{"count":1,"href":"https:\/\/www.roldan.gov.ar\/wp\/wp-json\/wp\/v2\/posts\/3904\/revisions"}],"predecessor-version":[{"id":3907,"href":"https:\/\/www.roldan.gov.ar\/wp\/wp-json\/wp\/v2\/posts\/3904\/revisions\/3907"}],"wp:featuredmedia":[{"embeddable":true,"href":"https:\/\/www.roldan.gov.ar\/wp\/wp-json\/wp\/v2\/media\/3905"}],"wp:attachment":[{"href":"https:\/\/www.roldan.gov.ar\/wp\/wp-json\/wp\/v2\/media?parent=3904"}],"wp:term":[{"taxonomy":"category","embeddable":true,"href":"https:\/\/www.roldan.gov.ar\/wp\/wp-json\/wp\/v2\/categories?post=3904"},{"taxonomy":"post_tag","embeddable":true,"href":"https:\/\/www.roldan.gov.ar\/wp\/wp-json\/wp\/v2\/tags?post=3904"}],"curies":[{"name":"wp","href":"https:\/\/api.w.org\/{rel}","templated":true}]}}