{"id":14870,"date":"2026-09-04T09:03:21","date_gmt":"2026-09-04T12:03:21","guid":{"rendered":"https:\/\/www.roldan.gov.ar\/wp\/?p=14870"},"modified":"2026-09-04T09:03:21","modified_gmt":"2026-09-04T12:03:21","slug":"roldan-fortalece-las-herramientas-de-prevencion-ante-el-fenomeno-de-el-nino","status":"publish","type":"post","link":"https:\/\/www.roldan.gov.ar\/wp\/2026\/09\/04\/roldan-fortalece-las-herramientas-de-prevencion-ante-el-fenomeno-de-el-nino\/","title":{"rendered":"ROLD\u00c1N FORTALECE LAS HERRAMIENTAS DE PREVENCI\u00d3N ANTE EL FEN\u00d3MENO DE \u201cEL NI\u00d1O\u201d"},"content":{"rendered":"\n<p class=\"has-text-align-center\"><em><strong>La Municipalidad realiz\u00f3 una charla abierta a la comunidad para brindar informaci\u00f3n sobre el comportamiento del fen\u00f3meno clim\u00e1tico y las herramientas disponibles para actuar ante posibles contingencias.<\/strong><\/em><\/p>\n\n\n\n<p>La Municipalidad de Rold\u00e1n, a trav\u00e9s de Protecci\u00f3n Civil, llev\u00f3 adelante este jueves 3 una charla informativa abierta a toda la comunidad sobre el fen\u00f3meno de \u201cEl Ni\u00f1o\u201d, con el objetivo de brindar informaci\u00f3n, generar conciencia y fortalecer las herramientas de prevenci\u00f3n ante posibles episodios de lluvias intensas y condiciones clim\u00e1ticas adversas.<\/p>\n\n\n\n<p>La actividad se desarroll\u00f3 en la Casa de la Cultura y cont\u00f3 con la participaci\u00f3n de representantes de distintas \u00e1reas municipales y organismos vinculados a la prevenci\u00f3n y respuesta ante emergencias.<\/p>\n\n\n\n<p>Durante el encuentro, el intendente Daniel Escalante abord\u00f3 la conformaci\u00f3n de la Junta Municipal de Protecci\u00f3n Civil, creada por ordenanza, y destac\u00f3 el proceso de trabajo que el Municipio viene desarrollando desde el inicio de su gesti\u00f3n para fortalecer la capacidad de respuesta ante situaciones clim\u00e1ticas.<\/p>\n\n\n\n<p>Tambi\u00e9n expusieron Leandro Milocco, subsecretario de Planeamiento y Urbanismo, quien se refiri\u00f3 a los aspectos h\u00eddricos; Daniel Dassie, bombero voluntario, que abord\u00f3 la gesti\u00f3n de emergencias y las recomendaciones ante alertas; y Oscar Monjelat, director del Grupo Caza Tormentas del Sur, quien brind\u00f3 informaci\u00f3n sobre el fen\u00f3meno de \u201cEl Ni\u00f1o\u201d, sus caracter\u00edsticas y comportamiento.<\/p>\n\n\n\n<p>\u201cLa prevenci\u00f3n es la mejor herramienta que tenemos. Por eso estamos trabajando con todos los actores involucrados, anticip\u00e1ndonos a los distintos escenarios y coordinando los recursos necesarios para cuidar a los vecinos de Rold\u00e1n\u201d, se\u00f1al\u00f3 Escalante.<\/p>\n\n\n\n<p>La jornada permiti\u00f3 acercar a los vecinos informaci\u00f3n sobre los posibles escenarios clim\u00e1ticos y, al mismo tiempo, remarcar la importancia de contar con mecanismos de coordinaci\u00f3n y protocolos de actuaci\u00f3n que permitan responder de manera r\u00e1pida y organizada.<\/p>\n\n\n\n<figure class=\"wp-block-image size-large\"><img decoding=\"async\" loading=\"lazy\" width=\"1024\" height=\"768\" src=\"https:\/\/www.roldan.gov.ar\/wp\/wp-content\/uploads\/2026\/09\/WhatsApp-Image-2026-09-04-at-08.53.08-1024x768.jpeg\" alt=\"\" class=\"wp-image-14872\" srcset=\"https:\/\/www.roldan.gov.ar\/wp\/wp-content\/uploads\/2026\/09\/WhatsApp-Image-2026-09-04-at-08.53.08-1024x768.jpeg 1024w, https:\/\/www.roldan.gov.ar\/wp\/wp-content\/uploads\/2026\/09\/WhatsApp-Image-2026-09-04-at-08.53.08-300x225.jpeg 300w, https:\/\/www.roldan.gov.ar\/wp\/wp-content\/uploads\/2026\/09\/WhatsApp-Image-2026-09-04-at-08.53.08-768x576.jpeg 768w, https:\/\/www.roldan.gov.ar\/wp\/wp-content\/uploads\/2026\/09\/WhatsApp-Image-2026-09-04-at-08.53.08.jpeg 1280w\" sizes=\"(max-width: 1024px) 100vw, 1024px\" \/><\/figure>\n","protected":false},"excerpt":{"rendered":"<p>La Municipalidad realiz\u00f3 una charla abierta a la comunidad para brindar informaci\u00f3n sobre el comportamiento del fen\u00f3meno clim\u00e1tico y las herramientas disponibles para actuar ante posibles contingencias. La Municipalidad de Rold\u00e1n, a trav\u00e9s de Protecci\u00f3n Civil, llev\u00f3 adelante este jueves 3 una charla informativa abierta a toda la comunidad sobre el fen\u00f3meno de \u201cEl Ni\u00f1o\u201d, [&hellip;]<\/p>\n","protected":false},"author":5,"featured_media":14871,"comment_status":"closed","ping_status":"","sticky":false,"template":"","format":"standard","meta":[],"categories":[223,224],"tags":[],"acf":[],"_links":{"self":[{"href":"https:\/\/www.roldan.gov.ar\/wp\/wp-json\/wp\/v2\/posts\/14870"}],"collection":[{"href":"https:\/\/www.roldan.gov.ar\/wp\/wp-json\/wp\/v2\/posts"}],"about":[{"href":"https:\/\/www.roldan.gov.ar\/wp\/wp-json\/wp\/v2\/types\/post"}],"author":[{"embeddable":true,"href":"https:\/\/www.roldan.gov.ar\/wp\/wp-json\/wp\/v2\/users\/5"}],"replies":[{"embeddable":true,"href":"https:\/\/www.roldan.gov.ar\/wp\/wp-json\/wp\/v2\/comments?post=14870"}],"version-history":[{"count":1,"href":"https:\/\/www.roldan.gov.ar\/wp\/wp-json\/wp\/v2\/posts\/14870\/revisions"}],"predecessor-version":[{"id":14873,"href":"https:\/\/www.roldan.gov.ar\/wp\/wp-json\/wp\/v2\/posts\/14870\/revisions\/14873"}],"wp:featuredmedia":[{"embeddable":true,"href":"https:\/\/www.roldan.gov.ar\/wp\/wp-json\/wp\/v2\/media\/14871"}],"wp:attachment":[{"href":"https:\/\/www.roldan.gov.ar\/wp\/wp-json\/wp\/v2\/media?parent=14870"}],"wp:term":[{"taxonomy":"category","embeddable":true,"href":"https:\/\/www.roldan.gov.ar\/wp\/wp-json\/wp\/v2\/categories?post=14870"},{"taxonomy":"post_tag","embeddable":true,"href":"https:\/\/www.roldan.gov.ar\/wp\/wp-json\/wp\/v2\/tags?post=14870"}],"curies":[{"name":"wp","href":"https:\/\/api.w.org\/{rel}","templated":true}]}}