{"id":14344,"date":"2026-04-29T10:02:25","date_gmt":"2026-04-29T13:02:25","guid":{"rendered":"https:\/\/www.roldan.gov.ar\/wp\/?p=14344"},"modified":"2026-04-29T10:02:25","modified_gmt":"2026-04-29T13:02:25","slug":"roldan-celebra-su-historia-y-su-identidad-con-dos-muestras-abiertas-a-la-comunidad","status":"publish","type":"post","link":"https:\/\/www.roldan.gov.ar\/wp\/2026\/04\/29\/roldan-celebra-su-historia-y-su-identidad-con-dos-muestras-abiertas-a-la-comunidad\/","title":{"rendered":"ROLD\u00c1N CELEBRA SU HISTORIA Y SU IDENTIDAD CON DOS MUESTRAS ABIERTAS A LA COMUNIDAD"},"content":{"rendered":"\n<p>En el marco de las actividades por el 160\u00b0 aniversario de la ciudad, la Municipalidad de Rold\u00e1n invita a vecinos y vecinas a participar de \u201c160 A\u00f1os de Historia, Arte y Memoria\u201d, una propuesta cultural que re\u00fane dos muestras destinadas a poner en valor el patrimonio hist\u00f3rico y la identidad local.<\/p>\n\n\n\n<p>La iniciativa, organizada por la Secretar\u00eda de Cultura, Educaci\u00f3n, Turismo y Deporte, en conjunto con el Grupo Rememorar y la Fundaci\u00f3n Juanito y Ramona, se desarrollar\u00e1 en Sala Italia (Pellegrini e Independencia), con entrada libre y gratuita.<\/p>\n\n\n\n<p>La propuesta incluye dos exposiciones que se podr\u00e1n recorrer en diferentes d\u00edas y horarios:<\/p>\n\n\n\n<p>Por un lado, \u201cOlvidados hoy, valorados ayer\u201d presenta una muestra de fotograf\u00edas de oficios que han quedado en el pasado, tecnolog\u00edas que se volvieron obsoletas con el paso del tiempo y objetos antiguos recuperados de la ciudad. La experiencia contar\u00e1 con la participaci\u00f3n de las Abuelas Cuentacuentos, quienes compartir\u00e1n relatos y memorias sobre los trabajos y costumbres de otras \u00e9pocas. Adem\u00e1s, Liliana Zanchi, representante del Grupo Rememorar, estar\u00e1 a cargo de las visitas guiadas. Durante la muestra, se obsequiar\u00e1n postales con im\u00e1genes hist\u00f3ricas.<\/p>\n\n\n\n<p>La inauguraci\u00f3n ser\u00e1 el 1 de mayo a las 13 horas y podr\u00e1 visitarse ese mismo d\u00eda hasta las 20. Continuar\u00e1 los d\u00edas 2 y 3 de mayo, de 10 a 12 y de 16 a 19 horas.<\/p>\n\n\n\n<p>Por otro lado, \u201cAtelier de Berni\u201d y \u201cBerni: Miradas a Rold\u00e1n\u201d propone una exposici\u00f3n de pinturas aportadas por la Fundaci\u00f3n Juanito y Ramona, talleres, videos e im\u00e1genes, con el objetivo de acercar a la comunidad al universo del reconocido artista Antonio Berni, destacando su legado y su v\u00ednculo con la ciudad. La muestra promueve el arte como herramienta de construcci\u00f3n de identidad cultural. Adriana Buchman, representante de la fundaci\u00f3n, estar\u00e1 a cargo de un espacio informativo sobre la vida y obra del artista. Tambi\u00e9n se entregar\u00e1n postales con im\u00e1genes de las obras a quienes asistan.<\/p>\n\n\n\n<p>Esta muestra se inaugurar\u00e1 el 1 de mayo, podr\u00e1 visitarse ese mismo d\u00eda, de 13 a 20 horas. Contin\u00faa el 9 y 10 de mayo, de 9 a 12 y de 14 a 17 horas.<\/p>\n\n\n\n<p>Para m\u00e1s informaci\u00f3n comunicarse al 3412133020<\/p>\n","protected":false},"excerpt":{"rendered":"<p>En el marco de las actividades por el 160\u00b0 aniversario de la ciudad, la Municipalidad de Rold\u00e1n invita a vecinos y vecinas a participar de \u201c160 A\u00f1os de Historia, Arte y Memoria\u201d, una propuesta cultural que re\u00fane dos muestras destinadas a poner en valor el patrimonio hist\u00f3rico y la identidad local. La iniciativa, organizada por [&hellip;]<\/p>\n","protected":false},"author":5,"featured_media":14345,"comment_status":"closed","ping_status":"","sticky":false,"template":"","format":"standard","meta":[],"categories":[195],"tags":[],"acf":[],"_links":{"self":[{"href":"https:\/\/www.roldan.gov.ar\/wp\/wp-json\/wp\/v2\/posts\/14344"}],"collection":[{"href":"https:\/\/www.roldan.gov.ar\/wp\/wp-json\/wp\/v2\/posts"}],"about":[{"href":"https:\/\/www.roldan.gov.ar\/wp\/wp-json\/wp\/v2\/types\/post"}],"author":[{"embeddable":true,"href":"https:\/\/www.roldan.gov.ar\/wp\/wp-json\/wp\/v2\/users\/5"}],"replies":[{"embeddable":true,"href":"https:\/\/www.roldan.gov.ar\/wp\/wp-json\/wp\/v2\/comments?post=14344"}],"version-history":[{"count":1,"href":"https:\/\/www.roldan.gov.ar\/wp\/wp-json\/wp\/v2\/posts\/14344\/revisions"}],"predecessor-version":[{"id":14346,"href":"https:\/\/www.roldan.gov.ar\/wp\/wp-json\/wp\/v2\/posts\/14344\/revisions\/14346"}],"wp:featuredmedia":[{"embeddable":true,"href":"https:\/\/www.roldan.gov.ar\/wp\/wp-json\/wp\/v2\/media\/14345"}],"wp:attachment":[{"href":"https:\/\/www.roldan.gov.ar\/wp\/wp-json\/wp\/v2\/media?parent=14344"}],"wp:term":[{"taxonomy":"category","embeddable":true,"href":"https:\/\/www.roldan.gov.ar\/wp\/wp-json\/wp\/v2\/categories?post=14344"},{"taxonomy":"post_tag","embeddable":true,"href":"https:\/\/www.roldan.gov.ar\/wp\/wp-json\/wp\/v2\/tags?post=14344"}],"curies":[{"name":"wp","href":"https:\/\/api.w.org\/{rel}","templated":true}]}}