{"id":14113,"date":"2026-03-13T08:59:15","date_gmt":"2026-03-13T11:59:15","guid":{"rendered":"https:\/\/www.roldan.gov.ar\/wp\/?p=14113"},"modified":"2026-03-13T08:59:15","modified_gmt":"2026-03-13T11:59:15","slug":"nueva-oportunidad-entrega-de-certificados-a-jovenes-que-finalizaron-el-curso-de-panificacion","status":"publish","type":"post","link":"https:\/\/www.roldan.gov.ar\/wp\/2026\/03\/13\/nueva-oportunidad-entrega-de-certificados-a-jovenes-que-finalizaron-el-curso-de-panificacion\/","title":{"rendered":"NUEVA OPORTUNIDAD: ENTREGA DE CERTIFICADOS A J\u00d3VENES QUE FINALIZARON EL CURSO DE PANIFICACI\u00d3N"},"content":{"rendered":"\n<p>Se realiz\u00f3 el pasado jueves en la Sala Italia el cierre y entrega de certificados del Proyecto de Panificaci\u00f3n del Programa Nueva Oportunidad, una capacitaci\u00f3n que se desarroll\u00f3 durante seis meses y estuvo destinada a j\u00f3venes de la ciudad.<\/p>\n\n\n\n<p>El curso se llev\u00f3 adelante entre septiembre y febrero y fue dictado por la Cooperativa Los Profesionales, en el marco de una iniciativa impulsada por el \u00c1rea de G\u00e9nero, Igualdad, Diversidad, Ni\u00f1ez y Familia de la Municipalidad de Rold\u00e1n.<\/p>\n\n\n\n<p>El Programa Nueva Oportunidad es una pol\u00edtica p\u00fablica que se implementa de manera articulada entre el municipio y el Gobierno de Santa Fe, orientada a brindar acompa\u00f1amiento integral y territorial a adolescentes y j\u00f3venes de entre 12 y 35 a\u00f1os que atraviesan situaciones de alta criticidad social.<\/p>\n\n\n\n<p>Durante la actividad tambi\u00e9n estuvo presente Cecilia Ancin, coordinadora del \u00e1rea de G\u00e9nero, Igualdad, Diversidad, Ni\u00f1ez y Familia de la Municipalidad de Rold\u00e1n, junto al director del Programa Nueva Oportunidad, Dami\u00e1n Burky, quienes destacaron la importancia de este tipo de iniciativas para promover la inclusi\u00f3n, la capacitaci\u00f3n y el desarrollo de las juventudes.<\/p>\n\n\n\n<p>\u201cEl objetivo del programa es generar oportunidades de formaci\u00f3n, fortalecer los v\u00ednculos de los j\u00f3venes con su barrio y la ciudad, y promover la construcci\u00f3n de proyectos de vida a partir del acompa\u00f1amiento de equipos territoriales y espacios grupales de intercambio\u201d, se\u00f1al\u00f3 la coordinadora del \u00c1rea de G\u00e9nero, Igualdad, Diversidad, Ni\u00f1ez y Familia, Cecilia Ancin.<\/p>\n","protected":false},"excerpt":{"rendered":"<p>Se realiz\u00f3 el pasado jueves en la Sala Italia el cierre y entrega de certificados del Proyecto de Panificaci\u00f3n del Programa Nueva Oportunidad, una capacitaci\u00f3n que se desarroll\u00f3 durante seis meses y estuvo destinada a j\u00f3venes de la ciudad. El curso se llev\u00f3 adelante entre septiembre y febrero y fue dictado por la Cooperativa Los [&hellip;]<\/p>\n","protected":false},"author":5,"featured_media":14114,"comment_status":"closed","ping_status":"","sticky":false,"template":"","format":"standard","meta":[],"categories":[192],"tags":[],"acf":[],"_links":{"self":[{"href":"https:\/\/www.roldan.gov.ar\/wp\/wp-json\/wp\/v2\/posts\/14113"}],"collection":[{"href":"https:\/\/www.roldan.gov.ar\/wp\/wp-json\/wp\/v2\/posts"}],"about":[{"href":"https:\/\/www.roldan.gov.ar\/wp\/wp-json\/wp\/v2\/types\/post"}],"author":[{"embeddable":true,"href":"https:\/\/www.roldan.gov.ar\/wp\/wp-json\/wp\/v2\/users\/5"}],"replies":[{"embeddable":true,"href":"https:\/\/www.roldan.gov.ar\/wp\/wp-json\/wp\/v2\/comments?post=14113"}],"version-history":[{"count":1,"href":"https:\/\/www.roldan.gov.ar\/wp\/wp-json\/wp\/v2\/posts\/14113\/revisions"}],"predecessor-version":[{"id":14115,"href":"https:\/\/www.roldan.gov.ar\/wp\/wp-json\/wp\/v2\/posts\/14113\/revisions\/14115"}],"wp:featuredmedia":[{"embeddable":true,"href":"https:\/\/www.roldan.gov.ar\/wp\/wp-json\/wp\/v2\/media\/14114"}],"wp:attachment":[{"href":"https:\/\/www.roldan.gov.ar\/wp\/wp-json\/wp\/v2\/media?parent=14113"}],"wp:term":[{"taxonomy":"category","embeddable":true,"href":"https:\/\/www.roldan.gov.ar\/wp\/wp-json\/wp\/v2\/categories?post=14113"},{"taxonomy":"post_tag","embeddable":true,"href":"https:\/\/www.roldan.gov.ar\/wp\/wp-json\/wp\/v2\/tags?post=14113"}],"curies":[{"name":"wp","href":"https:\/\/api.w.org\/{rel}","templated":true}]}}