{"id":13946,"date":"2026-01-28T07:59:14","date_gmt":"2026-01-28T10:59:14","guid":{"rendered":"https:\/\/www.roldan.gov.ar\/wp\/?p=13946"},"modified":"2026-01-28T07:59:14","modified_gmt":"2026-01-28T10:59:14","slug":"exito-rotundo-mas-de-2-500-personas-disfrutaron-de-la-activacion-de-los-juegos-suramericanos-en-roldan","status":"publish","type":"post","link":"https:\/\/www.roldan.gov.ar\/wp\/2026\/01\/28\/exito-rotundo-mas-de-2-500-personas-disfrutaron-de-la-activacion-de-los-juegos-suramericanos-en-roldan\/","title":{"rendered":"\u00c9XITO ROTUNDO: M\u00c1S DE 2.500 PERSONAS DISFRUTARON DE LA ACTIVACI\u00d3N DE LOS JUEGOS SURAMERICANOS EN ROLD\u00c1N"},"content":{"rendered":"\n<p>Durante toda la jornada, m\u00e1s de 2.500 personas recorrieron el predio del Paseo de la Estaci\u00f3n, donde disfrutaron de juegos, actividades recreativas, deportivas y experiencias interactivas que permitieron acercarse al esp\u00edritu de lo que vivir\u00e1 la provincia del 12 al 26 de septiembre, cuando Santa Fe reciba a m\u00e1s de 4.000 atletas de 15 pa\u00edses, que competir\u00e1n en 57 disciplinas deportivas. El evento es organizado por la Organizaci\u00f3n Deportiva Suramericana (ODESUR) y tendr\u00e1 como sedes principales a Rosario, Santa Fe y Rafaela.<\/p>\n\n\n\n<p>La jornada comenz\u00f3 a las 10 de la ma\u00f1ana con la presencia del intendente Daniel Escalante, la secretaria de Gobierno Marisabel Mendoza, la secretaria de Cultura, Educaci\u00f3n, Turismo y Deporte Ana Clara Reijember, la diputada provincial Silvana Di Stefano y los concejales Carlos Manuel Alustiza, Ana Carina Ziraldo y Mariel Reijember, quienes acompa\u00f1aron el desarrollo de este evento que convoc\u00f3 a familias, ni\u00f1as, ni\u00f1os, j\u00f3venes y adultos.<\/p>\n\n\n\n<p>Adem\u00e1s de las experiencias interactivas y tecnol\u00f3gicas, las familias participaron de actividades deportivas y recreativas que promovieron el movimiento, la participaci\u00f3n y los valores del deporte. En ese marco, se realiz\u00f3 un reconocimiento a deportistas profesionales de la ciudad: Diego Mateo, Ra\u00fal Damiani, Ezequiel Barra, Eduardo Schawnk y Juan Manuel Herrera, destacados por su trayectoria y por representar a Rold\u00e1n en distintas disciplinas a nivel regional y nacional.<\/p>\n\n\n\n<p>Ni\u00f1as, ni\u00f1os y adultos participaron de manera grupal, compartiendo juegos y desaf\u00edos en un clima de entusiasmo y felicidad. En ese marco, \u201cCapi\u201d, s\u00edmbolo e identidad de los Juegos Suramericanos, se convirti\u00f3 r\u00e1pidamente en el centro de la jornada, especialmente para los m\u00e1s chicos y j\u00f3venes que se acercaron a sacarse fotos y a participar de las iniciativas.<\/p>\n\n\n\n<p>La activaci\u00f3n se desarroll\u00f3 dentro de un dispositivo especialmente dise\u00f1ado, que alberg\u00f3 estaciones de experiencias virtuales, \u00e1reas de juego y espacios de interacci\u00f3n. El recorrido incluy\u00f3 ingreso, sala de trivias y una sala inmersiva, con contenidos audiovisuales y material promocional de los Juegos, garantizando una circulaci\u00f3n ordenada y una experiencia din\u00e1mica para todos los visitantes.<\/p>\n","protected":false},"excerpt":{"rendered":"<p>Durante toda la jornada, m\u00e1s de 2.500 personas recorrieron el predio del Paseo de la Estaci\u00f3n, donde disfrutaron de juegos, actividades recreativas, deportivas y experiencias interactivas que permitieron acercarse al esp\u00edritu de lo que vivir\u00e1 la provincia del 12 al 26 de septiembre, cuando Santa Fe reciba a m\u00e1s de 4.000 atletas de 15 pa\u00edses, [&hellip;]<\/p>\n","protected":false},"author":5,"featured_media":13947,"comment_status":"closed","ping_status":"","sticky":false,"template":"","format":"standard","meta":[],"categories":[1],"tags":[],"acf":[],"_links":{"self":[{"href":"https:\/\/www.roldan.gov.ar\/wp\/wp-json\/wp\/v2\/posts\/13946"}],"collection":[{"href":"https:\/\/www.roldan.gov.ar\/wp\/wp-json\/wp\/v2\/posts"}],"about":[{"href":"https:\/\/www.roldan.gov.ar\/wp\/wp-json\/wp\/v2\/types\/post"}],"author":[{"embeddable":true,"href":"https:\/\/www.roldan.gov.ar\/wp\/wp-json\/wp\/v2\/users\/5"}],"replies":[{"embeddable":true,"href":"https:\/\/www.roldan.gov.ar\/wp\/wp-json\/wp\/v2\/comments?post=13946"}],"version-history":[{"count":1,"href":"https:\/\/www.roldan.gov.ar\/wp\/wp-json\/wp\/v2\/posts\/13946\/revisions"}],"predecessor-version":[{"id":13948,"href":"https:\/\/www.roldan.gov.ar\/wp\/wp-json\/wp\/v2\/posts\/13946\/revisions\/13948"}],"wp:featuredmedia":[{"embeddable":true,"href":"https:\/\/www.roldan.gov.ar\/wp\/wp-json\/wp\/v2\/media\/13947"}],"wp:attachment":[{"href":"https:\/\/www.roldan.gov.ar\/wp\/wp-json\/wp\/v2\/media?parent=13946"}],"wp:term":[{"taxonomy":"category","embeddable":true,"href":"https:\/\/www.roldan.gov.ar\/wp\/wp-json\/wp\/v2\/categories?post=13946"},{"taxonomy":"post_tag","embeddable":true,"href":"https:\/\/www.roldan.gov.ar\/wp\/wp-json\/wp\/v2\/tags?post=13946"}],"curies":[{"name":"wp","href":"https:\/\/api.w.org\/{rel}","templated":true}]}}