{"id":13489,"date":"2025-10-15T09:16:46","date_gmt":"2025-10-15T12:16:46","guid":{"rendered":"https:\/\/www.roldan.gov.ar\/wp\/?p=13489"},"modified":"2025-11-03T11:44:44","modified_gmt":"2025-11-03T14:44:44","slug":"roldan-se-prepara-para-la-temporada-de-verano-y-combatir-el-dengue","status":"publish","type":"post","link":"https:\/\/www.roldan.gov.ar\/wp\/2025\/10\/15\/roldan-se-prepara-para-la-temporada-de-verano-y-combatir-el-dengue\/","title":{"rendered":"ROLD\u00c1N SE PREPARA PARA LA TEMPORADA DE VERANO Y COMBATIR EL DENGUE"},"content":{"rendered":"\n<p class=\"has-text-align-center\"><em><strong>La Municipalidad present\u00f3 el plan integral de prevenci\u00f3n y control junto al gobierno provincial.<\/strong><\/em><\/p>\n\n\n\n<p>Con el objetivo de reforzar la prevenci\u00f3n y el control del dengue de cara a la pr\u00f3xima temporada estival, la Municipalidad de Rold\u00e1n present\u00f3 su Plan de Acci\u00f3n 2025\/26 en la Sala Italia, bajo el lema \u201cObjetivo Dengue Rold\u00e1n: se prepara, se protege y cuida\u201d.<\/p>\n\n\n\n<p>El lanzamiento estuvo encabezado por el intendente interino, Carlos Manuel Alustiza y la secretaria de Gobierno y Coodrinadora General de Gabinte, Marisabel Mendoza, y cont\u00f3 con la presencia de Agust\u00edn Callegari, secretario de Salud P\u00fablica, y Brenda Zald\u00edvar, subsecretaria de Medio Ambiente, quienes detallaron las acciones que se implementar\u00e1n en toda la ciudad. La iniciativa se realiza en conjunto con el gobierno provincial, encabezado por Maximiliano Pullaro y Gisela Scaglia.<\/p>\n\n\n\n<p>Entre las estrategias previstas se destacan operativos de fumigaci\u00f3n, campa\u00f1as de concientizaci\u00f3n, descacharrado, salidas puerta a puerta, aplicaci\u00f3n de larvicidas, entrega de kits educativos a escuelas, regulaci\u00f3n de volquetes y la campa\u00f1a \u201cVereda Limpia\u201d.<\/p>\n\n\n\n<p>Adem\u00e1s, desde la temporada pasada funciona el \u00c1rea de Control de Vectores, dependiente de la Subsecretar\u00eda de Medio Ambiente, una estructura profesional y permanente destinada a enfrentar el dengue y otros vectores.<\/p>\n\n\n\n<p>\u201cRold\u00e1n demuestra que la prevenci\u00f3n organizada, el trabajo intersectorial y el compromiso ciudadano pueden transformar la realidad. El dengue es un desaf\u00edo, pero juntos somos m\u00e1s fuertes\u201d, afirmaron las autoridades.<\/p>\n\n\n\n<p>C\u00f3mo se reproduce el mosquito y c\u00f3mo prevenirlo<\/p>\n\n\n\n<p>El mosquito Aedes aegypti, transmisor del dengue, se reproduce en recipientes con agua estancada, tanto naturales como artificiales. Ejemplos comunes incluyen baldes, floreros, bebederos de mascotas, neum\u00e1ticos y huecos en \u00e1rboles.<\/p>\n\n\n\n<p><strong>Desde el \u00e1rea de Salud recomiendan:<\/strong><\/p>\n\n\n\n<blockquote class=\"wp-block-quote\">\n<blockquote class=\"wp-block-quote\">\n<p>Vaciar, tapar o desechar objetos que acumulen agua.<\/p>\n\n\n\n<p>Dar vuelta los recipientes en uso (baldes, envases vac\u00edos, juguetes).<\/p>\n\n\n\n<p>Cambiar el agua de floreros con frecuencia.<\/p>\n\n\n\n<p>Cepillar los bordes de bebederos de animales.<\/p>\n\n\n\n<p>Mantener patios y jardines desmalezados.<\/p>\n\n\n\n<p>Limpiar canaletas y desag\u00fces.<\/p>\n\n\n\n<p>Tapar tanques de agua y colocar mosquiteros en puertas y ventanas.<\/p>\n\n\n\n<p>S\u00edntomas del dengue y medidas de cuidado.<\/p>\n\n\n\n<p>Los principales s\u00edntomas incluyen fiebre alta, dolores musculares y articulares, dolor de cabeza y detr\u00e1s de los ojos, sarpullido, diarrea, p\u00e9rdida de apetito y cansancio extremo. Ante la aparici\u00f3n de signos compatibles, se recomienda consultar de inmediato a un centro de salud, donde la atenci\u00f3n es gratuita.<\/p>\n<\/blockquote>\n<\/blockquote>\n\n\n\n<p><strong>Durante la enfermedad, se aconseja:<\/strong><\/p>\n\n\n\n<blockquote class=\"wp-block-quote\">\n<blockquote class=\"wp-block-quote\">\n<p>No automedicarse (evitar ibuprofeno, aspirina e inyecciones; solo paracetamol).<\/p>\n\n\n\n<p>Hidratarse adecuadamente (m\u00e1s de 2 litros de agua por d\u00eda).<\/p>\n\n\n\n<p>Hacer reposo.<\/p>\n\n\n\n<p>Usar repelente para evitar contagiar a otros.<\/p>\n<\/blockquote>\n<\/blockquote>\n\n\n\n<p>Con estas medidas y la articulaci\u00f3n entre municipio, provincia y ciudadan\u00eda, Rold\u00e1n busca llegar a la temporada estival 2025\/26 preparado, protegido y cuidado, minimizando los riesgos del dengue.<\/p>\n\n\n\n<p><\/p>\n\n\n\n<figure class=\"wp-block-image size-large\"><img decoding=\"async\" loading=\"lazy\" width=\"819\" height=\"1024\" src=\"https:\/\/www.roldan.gov.ar\/wp\/wp-content\/uploads\/2025\/10\/WhatsApp-Image-2025-10-14-at-20.49.06-819x1024.jpeg\" alt=\"\" class=\"wp-image-13490\" srcset=\"https:\/\/www.roldan.gov.ar\/wp\/wp-content\/uploads\/2025\/10\/WhatsApp-Image-2025-10-14-at-20.49.06-819x1024.jpeg 819w, https:\/\/www.roldan.gov.ar\/wp\/wp-content\/uploads\/2025\/10\/WhatsApp-Image-2025-10-14-at-20.49.06-240x300.jpeg 240w, https:\/\/www.roldan.gov.ar\/wp\/wp-content\/uploads\/2025\/10\/WhatsApp-Image-2025-10-14-at-20.49.06-768x960.jpeg 768w, https:\/\/www.roldan.gov.ar\/wp\/wp-content\/uploads\/2025\/10\/WhatsApp-Image-2025-10-14-at-20.49.06.jpeg 1080w\" sizes=\"(max-width: 819px) 100vw, 819px\" \/><\/figure>\n","protected":false},"excerpt":{"rendered":"<p>La Municipalidad present\u00f3 el plan integral de prevenci\u00f3n y control junto al gobierno provincial. Con el objetivo de reforzar la prevenci\u00f3n y el control del dengue de cara a la pr\u00f3xima temporada estival, la Municipalidad de Rold\u00e1n present\u00f3 su Plan de Acci\u00f3n 2025\/26 en la Sala Italia, bajo el lema \u201cObjetivo Dengue Rold\u00e1n: se prepara, [&hellip;]<\/p>\n","protected":false},"author":5,"featured_media":13491,"comment_status":"closed","ping_status":"","sticky":false,"template":"","format":"standard","meta":[],"categories":[373,181,204],"tags":[],"acf":[],"_links":{"self":[{"href":"https:\/\/www.roldan.gov.ar\/wp\/wp-json\/wp\/v2\/posts\/13489"}],"collection":[{"href":"https:\/\/www.roldan.gov.ar\/wp\/wp-json\/wp\/v2\/posts"}],"about":[{"href":"https:\/\/www.roldan.gov.ar\/wp\/wp-json\/wp\/v2\/types\/post"}],"author":[{"embeddable":true,"href":"https:\/\/www.roldan.gov.ar\/wp\/wp-json\/wp\/v2\/users\/5"}],"replies":[{"embeddable":true,"href":"https:\/\/www.roldan.gov.ar\/wp\/wp-json\/wp\/v2\/comments?post=13489"}],"version-history":[{"count":1,"href":"https:\/\/www.roldan.gov.ar\/wp\/wp-json\/wp\/v2\/posts\/13489\/revisions"}],"predecessor-version":[{"id":13492,"href":"https:\/\/www.roldan.gov.ar\/wp\/wp-json\/wp\/v2\/posts\/13489\/revisions\/13492"}],"wp:featuredmedia":[{"embeddable":true,"href":"https:\/\/www.roldan.gov.ar\/wp\/wp-json\/wp\/v2\/media\/13491"}],"wp:attachment":[{"href":"https:\/\/www.roldan.gov.ar\/wp\/wp-json\/wp\/v2\/media?parent=13489"}],"wp:term":[{"taxonomy":"category","embeddable":true,"href":"https:\/\/www.roldan.gov.ar\/wp\/wp-json\/wp\/v2\/categories?post=13489"},{"taxonomy":"post_tag","embeddable":true,"href":"https:\/\/www.roldan.gov.ar\/wp\/wp-json\/wp\/v2\/tags?post=13489"}],"curies":[{"name":"wp","href":"https:\/\/api.w.org\/{rel}","templated":true}]}}