{"id":13454,"date":"2025-10-08T09:18:42","date_gmt":"2025-10-08T12:18:42","guid":{"rendered":"https:\/\/www.roldan.gov.ar\/wp\/?p=13454"},"modified":"2025-10-08T09:18:42","modified_gmt":"2025-10-08T12:18:42","slug":"roldan-se-viste-de-teatro-cuatro-obras-en-la-sala-de-la-cultura","status":"publish","type":"post","link":"https:\/\/www.roldan.gov.ar\/wp\/2025\/10\/08\/roldan-se-viste-de-teatro-cuatro-obras-en-la-sala-de-la-cultura\/","title":{"rendered":"ROLD\u00c1N SE VISTE DE TEATRO: CUATRO OBRAS EN LA SALA DE LA CULTURA"},"content":{"rendered":"\n<p>La ciudad de Rold\u00e1n se prepara para recibir una variada programaci\u00f3n teatral durante el mes de noviembre, con cuatro espect\u00e1culos que se presentar\u00e1n en la Sala Teatro de la Casa de la Cultura. Las funciones, organizadas por la Municipalidad de Rold\u00e1n, convocan a destacados elencos y talentos locales y nacionales.<\/p>\n\n\n\n<p><strong>Lunes 10 de noviembre \u2013 21:00 hs<\/strong><\/p>\n\n\n\n<p><strong>\u201cMuerde\u201d \u2013 Thriller psicol\u00f3gico con Luciano C\u00e1ceres<\/strong><\/p>\n\n\n\n<p>La temporada teatral se inaugura con \u201cMuerde\u201d, un intenso thriller psicol\u00f3gico escrito y dirigido por Francisco Lumerman y protagonizado por el reconocido actor Luciano C\u00e1ceres.<br>La obra narra la historia de Ren\u00e9, un hombre que fue abandonado en el taller familiar a los diez a\u00f1os. Desde entonces, el tiempo se volvi\u00f3 difuso para \u00e9l. Hoy, se encuentra manchado de sangre y no comprende c\u00f3mo lleg\u00f3 a ese estado.<\/p>\n\n\n\n<p><strong>S\u00e1bado 15 de noviembre \u2013 20:00 hs<\/strong><\/p>\n\n\n\n<p><strong>\u201cAlfonsina, dispuesta a todo\u201d \u2013 Un homenaje po\u00e9tico a Storni<\/strong><\/p>\n\n\n\n<p>La poes\u00eda se adue\u00f1a del escenario con \u201cAlfonsina, dispuesta a todo\u201d, una obra que recorre la vida y obra de la emblem\u00e1tica poeta Alfonsina Storni. Con dramaturgia y direcci\u00f3n de Luciana Reciuto, y actuaciones de Gianna Capodimonte, Nina Capodimonte y la propia Reciuto, la propuesta es un viaje emocional que aborda desde la infancia de la escritora hasta sus \u00faltimos d\u00edas. La musicalizaci\u00f3n est\u00e1 a cargo de Charly Samam\u00e9, mientras que la asistencia t\u00e9cnica corre por cuenta de Nora Machado y Julia Carle.<\/p>\n\n\n\n<p><strong>Lunes 17 de noviembre \u2013 20.00 hs<\/strong><\/p>\n\n\n\n<p><strong>\u201cHab\u00eda una vez tres hadas m\u00e1gicas\u201d \u2013 Teatro infantil con un mensaje profundo<\/strong><\/p>\n\n\n\n<p>Producci\u00f3n de la Escuela de Comedia de Rold\u00e1n, esta obra infantil narra la historia de tres hadas madrinas que, dejando de lado sus poderes m\u00e1gicos, deciden criar como simples mortales a la peque\u00f1a Aurora, amenazada por el hechizo de Mal\u00e9fica.<\/p>\n\n\n\n<p><strong>Lunes 17 de noviembre \u2013 21:30 hs<\/strong><\/p>\n\n\n\n<p><strong>\u201cLa noche de Adela Basch\u201d \u2013 Comedia y enredos<\/strong><\/p>\n\n\n\n<p>El Taller de Teatro para Adultos presenta \u201cLa noche de Adela Basch\u201d, una selecci\u00f3n de tres escenas de la reconocida dramaturga argentina. Las piezas breves \u2014\u201cEl reglamento es el reglamento\u201d, \u201cDe Azucena, la cena\u201d y \u201cLas obras del cocinero\u201d\u2014 reflejan el estilo \u00e1gil y humor\u00edstico de Basch, donde los malentendidos y situaciones absurdas provocan carcajadas en el p\u00fablico.<\/p>\n\n\n\n<p>Las entradas ya est\u00e1n disponibles y pueden reservarse comunic\u00e1ndose al 341-2133020.<\/p>\n","protected":false},"excerpt":{"rendered":"<p>La ciudad de Rold\u00e1n se prepara para recibir una variada programaci\u00f3n teatral durante el mes de noviembre, con cuatro espect\u00e1culos que se presentar\u00e1n en la Sala Teatro de la Casa de la Cultura. Las funciones, organizadas por la Municipalidad de Rold\u00e1n, convocan a destacados elencos y talentos locales y nacionales. Lunes 10 de noviembre \u2013 [&hellip;]<\/p>\n","protected":false},"author":5,"featured_media":13455,"comment_status":"closed","ping_status":"","sticky":false,"template":"","format":"standard","meta":[],"categories":[195],"tags":[],"acf":[],"_links":{"self":[{"href":"https:\/\/www.roldan.gov.ar\/wp\/wp-json\/wp\/v2\/posts\/13454"}],"collection":[{"href":"https:\/\/www.roldan.gov.ar\/wp\/wp-json\/wp\/v2\/posts"}],"about":[{"href":"https:\/\/www.roldan.gov.ar\/wp\/wp-json\/wp\/v2\/types\/post"}],"author":[{"embeddable":true,"href":"https:\/\/www.roldan.gov.ar\/wp\/wp-json\/wp\/v2\/users\/5"}],"replies":[{"embeddable":true,"href":"https:\/\/www.roldan.gov.ar\/wp\/wp-json\/wp\/v2\/comments?post=13454"}],"version-history":[{"count":1,"href":"https:\/\/www.roldan.gov.ar\/wp\/wp-json\/wp\/v2\/posts\/13454\/revisions"}],"predecessor-version":[{"id":13456,"href":"https:\/\/www.roldan.gov.ar\/wp\/wp-json\/wp\/v2\/posts\/13454\/revisions\/13456"}],"wp:featuredmedia":[{"embeddable":true,"href":"https:\/\/www.roldan.gov.ar\/wp\/wp-json\/wp\/v2\/media\/13455"}],"wp:attachment":[{"href":"https:\/\/www.roldan.gov.ar\/wp\/wp-json\/wp\/v2\/media?parent=13454"}],"wp:term":[{"taxonomy":"category","embeddable":true,"href":"https:\/\/www.roldan.gov.ar\/wp\/wp-json\/wp\/v2\/categories?post=13454"},{"taxonomy":"post_tag","embeddable":true,"href":"https:\/\/www.roldan.gov.ar\/wp\/wp-json\/wp\/v2\/tags?post=13454"}],"curies":[{"name":"wp","href":"https:\/\/api.w.org\/{rel}","templated":true}]}}