{"id":13442,"date":"2025-10-06T14:38:56","date_gmt":"2025-10-06T17:38:56","guid":{"rendered":"https:\/\/www.roldan.gov.ar\/wp\/?p=13442"},"modified":"2025-10-06T14:38:56","modified_gmt":"2025-10-06T17:38:56","slug":"nueva-fecha-para-la-fiesta-de-las-colectividades-en-roldan","status":"publish","type":"post","link":"https:\/\/www.roldan.gov.ar\/wp\/2025\/10\/06\/nueva-fecha-para-la-fiesta-de-las-colectividades-en-roldan\/","title":{"rendered":"NUEVA FECHA PARA LA FIESTA DE LAS COLECTIVIDADES EN ROLD\u00c1N"},"content":{"rendered":"\n<p>La Secretar\u00eda de Cultura, Educaci\u00f3n, Turismo y Deporte confirm\u00f3 la nueva fecha para la realizaci\u00f3n de la tradicional Fiesta de las Colectividades de nuestra ciudad.<\/p>\n\n\n\n<p>En un principio, el evento estaba programado para el 19 y 20 de septiembre, pero debi\u00f3 ser reprogramado para el 10 y 11 de octubre por cuestiones clim\u00e1ticas. Sin embargo, inconvenientes de organizaci\u00f3n relacionados con contratos de artistas y colectividades invitadas obligaron a una nueva reprogramaci\u00f3n.<\/p>\n\n\n\n<p>Finalmente, la Fiesta de las Colectividades se llevar\u00e1 a cabo los d\u00edas 17 y 18 de octubre, en el SUM del Paseo de la Estaci\u00f3n, a partir de las 20:30 horas.<\/p>\n\n\n\n<p>En esta edici\u00f3n participar\u00e1n las colectividades de Alemania, Argentina, Austria, Estados Unidos, Espa\u00f1a, Grecia, Irlanda, Italia, M\u00e9xico, Siria, Suiza, Pa\u00eds Vasco, Uruguay y Pueblos Originarios, que ofrecer\u00e1n a los vecinos y visitantes sus propuestas culturales, art\u00edsticas y gastron\u00f3micas.<\/p>\n","protected":false},"excerpt":{"rendered":"<p>La Secretar\u00eda de Cultura, Educaci\u00f3n, Turismo y Deporte confirm\u00f3 la nueva fecha para la realizaci\u00f3n de la tradicional Fiesta de las Colectividades de nuestra ciudad. En un principio, el evento estaba programado para el 19 y 20 de septiembre, pero debi\u00f3 ser reprogramado para el 10 y 11 de octubre por cuestiones clim\u00e1ticas. Sin embargo, [&hellip;]<\/p>\n","protected":false},"author":5,"featured_media":13443,"comment_status":"closed","ping_status":"","sticky":false,"template":"","format":"standard","meta":[],"categories":[195],"tags":[],"acf":[],"_links":{"self":[{"href":"https:\/\/www.roldan.gov.ar\/wp\/wp-json\/wp\/v2\/posts\/13442"}],"collection":[{"href":"https:\/\/www.roldan.gov.ar\/wp\/wp-json\/wp\/v2\/posts"}],"about":[{"href":"https:\/\/www.roldan.gov.ar\/wp\/wp-json\/wp\/v2\/types\/post"}],"author":[{"embeddable":true,"href":"https:\/\/www.roldan.gov.ar\/wp\/wp-json\/wp\/v2\/users\/5"}],"replies":[{"embeddable":true,"href":"https:\/\/www.roldan.gov.ar\/wp\/wp-json\/wp\/v2\/comments?post=13442"}],"version-history":[{"count":1,"href":"https:\/\/www.roldan.gov.ar\/wp\/wp-json\/wp\/v2\/posts\/13442\/revisions"}],"predecessor-version":[{"id":13444,"href":"https:\/\/www.roldan.gov.ar\/wp\/wp-json\/wp\/v2\/posts\/13442\/revisions\/13444"}],"wp:featuredmedia":[{"embeddable":true,"href":"https:\/\/www.roldan.gov.ar\/wp\/wp-json\/wp\/v2\/media\/13443"}],"wp:attachment":[{"href":"https:\/\/www.roldan.gov.ar\/wp\/wp-json\/wp\/v2\/media?parent=13442"}],"wp:term":[{"taxonomy":"category","embeddable":true,"href":"https:\/\/www.roldan.gov.ar\/wp\/wp-json\/wp\/v2\/categories?post=13442"},{"taxonomy":"post_tag","embeddable":true,"href":"https:\/\/www.roldan.gov.ar\/wp\/wp-json\/wp\/v2\/tags?post=13442"}],"curies":[{"name":"wp","href":"https:\/\/api.w.org\/{rel}","templated":true}]}}