{"id":1246,"date":"2022-02-01T20:26:00","date_gmt":"2022-02-01T23:26:00","guid":{"rendered":"https:\/\/www.roldan.gov.ar\/wp\/?p=1246"},"modified":"2022-04-25T20:40:48","modified_gmt":"2022-04-25T23:40:48","slug":"el-centro-de-salud-de-tierra-de-suenos-3-funciona-las-24-horas-desde-el-31-de-enero","status":"publish","type":"post","link":"https:\/\/www.roldan.gov.ar\/wp\/2022\/02\/01\/el-centro-de-salud-de-tierra-de-suenos-3-funciona-las-24-horas-desde-el-31-de-enero\/","title":{"rendered":"EL CENTRO DE SALUD DE TIERRA DE SUE\u00d1OS 3 FUNCIONA LAS 24 HORAS DESDE EL 31 DE ENERO"},"content":{"rendered":"\n<p><strong>La Secretar\u00eda de Salud Municipal informa que desde el 31 de enero del corriente a\u00f1o, el Centro de Salud de Tierra de Sue\u00f1os 3, comenz\u00f3 a funcionar las 24 hs. Tambi\u00e9n tendr\u00e1 el mismo servicio el Dispensario de Villa Flores, d\u00f3nde se sumar\u00e1 guardia pedi\u00e1trica.&nbsp;&nbsp;<\/strong><\/p>\n\n\n\n<p>A partir de ayer, 31 de enero, el Centro de Salud de Tierra de Sue\u00f1os 3 comenz\u00f3 a funcionar durante todo el d\u00eda. \u201cSe realiz\u00f3 el traslado del servicio que funcionaba en la entrada de Tierra de Sue\u00f1os 3 al Centro de Salud del barrio donde tambi\u00e9n estar\u00e1 apostada la ambulancia.&nbsp; De esta manera, lo que anteriormente se hac\u00eda en el horario de 07 a 19, ahora se har\u00e1 las 24 horas\u201d, manifest\u00f3 el secretario de Salud, Guillermo Bill<\/p>\n\n\n\n<p>\u201cEsto se da dentro del reordenamiento y del nuevo plan sanitario que se viene ejecutando y al que se le ir\u00e1n sumando otros Centros de Salud\u201d, agreg\u00f3.<\/p>\n\n\n\n<p>Adem\u00e1s adelant\u00f3 que en las pr\u00f3ximas semanas, comenzar\u00e1 a funcionar las 24 hs el Centro de Salud de Villa Flores sumando el servicio de guardia pedi\u00e1trica.<\/p>\n\n\n\n<p>El secretario de Salud explic\u00f3 que \u201cTodo este esquema estrat\u00e9gico-sanitario, se basa en garantizar el acceso a la salud de toda la ciudad de una manera equitativa y acorde a las necesidades de todos los vecinos. Mientras la pandemia no da tregua a los equipos de salud, desde la municipalidad se analiza, planifica y ejecutan acciones referentes a la atenci\u00f3n primaria de la salud, que conllevan a una mejor calidad de vida de nuestros vecinos sin dejar que dicha pandemia sea el \u00fanico eje de trabajo en el \u00e1rea. Aunque no es menor la mencionada problem\u00e1tica, tenemos que tener una mirada m\u00e1s amplia y profunda de la salud en toda su dimensi\u00f3n, por eso se trabaja d\u00eda a d\u00eda con todo el equipo de salud para buscar resultados y lograr soluciones efectivas a todas las necesidades y atendiendo a las contingencias actuales, pero pensando en el futuro con todas las herramientas humanas y materiales para lograr tener una salud de calidad y de acceso equitativo para toda la ciudad de Rold\u00e1n\u201d.<\/p>\n","protected":false},"excerpt":{"rendered":"<p>La Secretar\u00eda de Salud Municipal informa que desde el 31 de enero del corriente a\u00f1o, el Centro de Salud de Tierra de Sue\u00f1os 3, comenz\u00f3 a funcionar las 24 hs. <\/p>\n","protected":false},"author":1,"featured_media":1277,"comment_status":"closed","ping_status":"closed","sticky":false,"template":"","format":"standard","meta":[],"categories":[204],"tags":[],"acf":[],"_links":{"self":[{"href":"https:\/\/www.roldan.gov.ar\/wp\/wp-json\/wp\/v2\/posts\/1246"}],"collection":[{"href":"https:\/\/www.roldan.gov.ar\/wp\/wp-json\/wp\/v2\/posts"}],"about":[{"href":"https:\/\/www.roldan.gov.ar\/wp\/wp-json\/wp\/v2\/types\/post"}],"author":[{"embeddable":true,"href":"https:\/\/www.roldan.gov.ar\/wp\/wp-json\/wp\/v2\/users\/1"}],"replies":[{"embeddable":true,"href":"https:\/\/www.roldan.gov.ar\/wp\/wp-json\/wp\/v2\/comments?post=1246"}],"version-history":[{"count":1,"href":"https:\/\/www.roldan.gov.ar\/wp\/wp-json\/wp\/v2\/posts\/1246\/revisions"}],"predecessor-version":[{"id":1278,"href":"https:\/\/www.roldan.gov.ar\/wp\/wp-json\/wp\/v2\/posts\/1246\/revisions\/1278"}],"wp:featuredmedia":[{"embeddable":true,"href":"https:\/\/www.roldan.gov.ar\/wp\/wp-json\/wp\/v2\/media\/1277"}],"wp:attachment":[{"href":"https:\/\/www.roldan.gov.ar\/wp\/wp-json\/wp\/v2\/media?parent=1246"}],"wp:term":[{"taxonomy":"category","embeddable":true,"href":"https:\/\/www.roldan.gov.ar\/wp\/wp-json\/wp\/v2\/categories?post=1246"},{"taxonomy":"post_tag","embeddable":true,"href":"https:\/\/www.roldan.gov.ar\/wp\/wp-json\/wp\/v2\/tags?post=1246"}],"curies":[{"name":"wp","href":"https:\/\/api.w.org\/{rel}","templated":true}]}}