{"id":11642,"date":"2025-06-27T08:50:36","date_gmt":"2025-06-27T11:50:36","guid":{"rendered":"https:\/\/www.roldan.gov.ar\/wp\/?p=11642"},"modified":"2025-06-27T08:50:36","modified_gmt":"2025-06-27T11:50:36","slug":"roldan-el-municipio-encendio-la-obra-de-iluminacion-sobre-calle-padre-oldani","status":"publish","type":"post","link":"https:\/\/www.roldan.gov.ar\/wp\/2025\/06\/27\/roldan-el-municipio-encendio-la-obra-de-iluminacion-sobre-calle-padre-oldani\/","title":{"rendered":"ROLD\u00c1N: EL MUNICIPIO ENCENDI\u00d3 LA OBRA DE ILUMINACI\u00d3N SOBRE CALLE PADRE OLDANI"},"content":{"rendered":"\n<p>El intendente de la ciudad de Rold\u00e1n, Daniel Escalante, junto al concejal Marcelo Cristiani, encabezaron este jueves el encendido de la nueva obra de iluminaci\u00f3n sobre calle Padre Oldani, en el tramo comprendido entre R\u00edo Bermejo y Fiambal\u00e1.<\/p>\n\n\n\n<p>La obra fue ejecutada \u00edntegramente con recursos municipales y consisti\u00f3 en la colocaci\u00f3n de columnas met\u00e1licas y artefactos LED de \u00faltima generaci\u00f3n, con una inversi\u00f3n que super\u00f3 los 10 millones de pesos.<\/p>\n\n\n\n<p>Del encendido participaron vecinos y vecinas de distintos barrios del sector este de la ciudad, quienes destacaron la importancia de esta arteria para acceder de forma segura a los barrios de la zona. Tambi\u00e9n estuvieron presentes miembros y colaboradores del gabinete municipal.<\/p>\n","protected":false},"excerpt":{"rendered":"<p>El intendente de la ciudad de Rold\u00e1n, Daniel Escalante, junto al concejal Marcelo Cristiani, encabezaron este jueves el encendido de la nueva obra de iluminaci\u00f3n sobre calle Padre Oldani, en el tramo comprendido entre R\u00edo Bermejo y Fiambal\u00e1. La obra fue ejecutada \u00edntegramente con recursos municipales y consisti\u00f3 en la colocaci\u00f3n de columnas met\u00e1licas y [&hellip;]<\/p>\n","protected":false},"author":5,"featured_media":11643,"comment_status":"closed","ping_status":"","sticky":false,"template":"","format":"standard","meta":[],"categories":[223,199],"tags":[],"acf":[],"_links":{"self":[{"href":"https:\/\/www.roldan.gov.ar\/wp\/wp-json\/wp\/v2\/posts\/11642"}],"collection":[{"href":"https:\/\/www.roldan.gov.ar\/wp\/wp-json\/wp\/v2\/posts"}],"about":[{"href":"https:\/\/www.roldan.gov.ar\/wp\/wp-json\/wp\/v2\/types\/post"}],"author":[{"embeddable":true,"href":"https:\/\/www.roldan.gov.ar\/wp\/wp-json\/wp\/v2\/users\/5"}],"replies":[{"embeddable":true,"href":"https:\/\/www.roldan.gov.ar\/wp\/wp-json\/wp\/v2\/comments?post=11642"}],"version-history":[{"count":1,"href":"https:\/\/www.roldan.gov.ar\/wp\/wp-json\/wp\/v2\/posts\/11642\/revisions"}],"predecessor-version":[{"id":11644,"href":"https:\/\/www.roldan.gov.ar\/wp\/wp-json\/wp\/v2\/posts\/11642\/revisions\/11644"}],"wp:featuredmedia":[{"embeddable":true,"href":"https:\/\/www.roldan.gov.ar\/wp\/wp-json\/wp\/v2\/media\/11643"}],"wp:attachment":[{"href":"https:\/\/www.roldan.gov.ar\/wp\/wp-json\/wp\/v2\/media?parent=11642"}],"wp:term":[{"taxonomy":"category","embeddable":true,"href":"https:\/\/www.roldan.gov.ar\/wp\/wp-json\/wp\/v2\/categories?post=11642"},{"taxonomy":"post_tag","embeddable":true,"href":"https:\/\/www.roldan.gov.ar\/wp\/wp-json\/wp\/v2\/tags?post=11642"}],"curies":[{"name":"wp","href":"https:\/\/api.w.org\/{rel}","templated":true}]}}