{"id":11632,"date":"2025-06-25T08:53:16","date_gmt":"2025-06-25T11:53:16","guid":{"rendered":"https:\/\/www.roldan.gov.ar\/wp\/?p=11632"},"modified":"2025-06-25T08:53:16","modified_gmt":"2025-06-25T11:53:16","slug":"roldan-la-municipalidad-y-la-provincia-anuncian-obras-de-mejora-en-caminos-rurales","status":"publish","type":"post","link":"https:\/\/www.roldan.gov.ar\/wp\/2025\/06\/25\/roldan-la-municipalidad-y-la-provincia-anuncian-obras-de-mejora-en-caminos-rurales\/","title":{"rendered":"ROLD\u00c1N: LA MUNICIPALIDAD Y LA PROVINCIA ANUNCIAN OBRAS DE MEJORA EN CAMINOS RURALES"},"content":{"rendered":"\n<p>La Municipalidad de Rold\u00e1n, en conjunto con el Gobierno de la Provincia de Santa Fe, anunci\u00f3 el inicio de importantes obras de mejora sobre m\u00e1s de 6 kil\u00f3metros de caminos rurales dentro del ejido urbano.<\/p>\n\n\n\n<p>Los trabajos se llevar\u00e1n a cabo en el marco del programa \u201cCaminos Productivos\u201d, una iniciativa de la Direcci\u00f3n de Infraestructura Rural del Ministerio de Desarrollo Productivo provincial, que busca optimizar la transitabilidad de corredores estrat\u00e9gicos para el desarrollo econ\u00f3mico y social de la regi\u00f3n.<\/p>\n\n\n\n<p>Las tareas previstas incluyen la estabilizaci\u00f3n del suelo con cal y el posterior ripiado mediante el uso de molienda de hormig\u00f3n 10\/30, una t\u00e9cnica que mejora la durabilidad y resistencia del camino.<\/p>\n\n\n\n<p>Las trazas a intervenir son las siguientes: Camino de los Vascos, entre Ruta 9 y Camino de los Gauchos. Y Camino de los Gauchos, entre Camino de los Vascos y Ruta A012.<\/p>\n\n\n\n<p>En total, se mejorar\u00e1n 6,4 kil\u00f3metros de caminos rurales clave para la producci\u00f3n y la conectividad local.<\/p>\n\n\n\n<figure class=\"wp-block-image size-large\"><img decoding=\"async\" loading=\"lazy\" width=\"576\" height=\"1024\" src=\"https:\/\/www.roldan.gov.ar\/wp\/wp-content\/uploads\/2025\/06\/WhatsApp-Image-2025-06-24-at-19.31.26-576x1024.jpeg\" alt=\"\" class=\"wp-image-11633\" srcset=\"https:\/\/www.roldan.gov.ar\/wp\/wp-content\/uploads\/2025\/06\/WhatsApp-Image-2025-06-24-at-19.31.26-576x1024.jpeg 576w, https:\/\/www.roldan.gov.ar\/wp\/wp-content\/uploads\/2025\/06\/WhatsApp-Image-2025-06-24-at-19.31.26-169x300.jpeg 169w, https:\/\/www.roldan.gov.ar\/wp\/wp-content\/uploads\/2025\/06\/WhatsApp-Image-2025-06-24-at-19.31.26-768x1365.jpeg 768w, https:\/\/www.roldan.gov.ar\/wp\/wp-content\/uploads\/2025\/06\/WhatsApp-Image-2025-06-24-at-19.31.26-864x1536.jpeg 864w, https:\/\/www.roldan.gov.ar\/wp\/wp-content\/uploads\/2025\/06\/WhatsApp-Image-2025-06-24-at-19.31.26.jpeg 900w\" sizes=\"(max-width: 576px) 100vw, 576px\" \/><\/figure>\n\n\n\n<p><\/p>\n","protected":false},"excerpt":{"rendered":"<p>La Municipalidad de Rold\u00e1n, en conjunto con el Gobierno de la Provincia de Santa Fe, anunci\u00f3 el inicio de importantes obras de mejora sobre m\u00e1s de 6 kil\u00f3metros de caminos rurales dentro del ejido urbano. Los trabajos se llevar\u00e1n a cabo en el marco del programa \u201cCaminos Productivos\u201d, una iniciativa de la Direcci\u00f3n de Infraestructura [&hellip;]<\/p>\n","protected":false},"author":5,"featured_media":11634,"comment_status":"closed","ping_status":"","sticky":false,"template":"","format":"standard","meta":[],"categories":[199,264],"tags":[],"acf":[],"_links":{"self":[{"href":"https:\/\/www.roldan.gov.ar\/wp\/wp-json\/wp\/v2\/posts\/11632"}],"collection":[{"href":"https:\/\/www.roldan.gov.ar\/wp\/wp-json\/wp\/v2\/posts"}],"about":[{"href":"https:\/\/www.roldan.gov.ar\/wp\/wp-json\/wp\/v2\/types\/post"}],"author":[{"embeddable":true,"href":"https:\/\/www.roldan.gov.ar\/wp\/wp-json\/wp\/v2\/users\/5"}],"replies":[{"embeddable":true,"href":"https:\/\/www.roldan.gov.ar\/wp\/wp-json\/wp\/v2\/comments?post=11632"}],"version-history":[{"count":1,"href":"https:\/\/www.roldan.gov.ar\/wp\/wp-json\/wp\/v2\/posts\/11632\/revisions"}],"predecessor-version":[{"id":11635,"href":"https:\/\/www.roldan.gov.ar\/wp\/wp-json\/wp\/v2\/posts\/11632\/revisions\/11635"}],"wp:featuredmedia":[{"embeddable":true,"href":"https:\/\/www.roldan.gov.ar\/wp\/wp-json\/wp\/v2\/media\/11634"}],"wp:attachment":[{"href":"https:\/\/www.roldan.gov.ar\/wp\/wp-json\/wp\/v2\/media?parent=11632"}],"wp:term":[{"taxonomy":"category","embeddable":true,"href":"https:\/\/www.roldan.gov.ar\/wp\/wp-json\/wp\/v2\/categories?post=11632"},{"taxonomy":"post_tag","embeddable":true,"href":"https:\/\/www.roldan.gov.ar\/wp\/wp-json\/wp\/v2\/tags?post=11632"}],"curies":[{"name":"wp","href":"https:\/\/api.w.org\/{rel}","templated":true}]}}